{"id":10607,"date":"2019-10-26T08:49:11","date_gmt":"2019-10-26T08:49:11","guid":{"rendered":"https:\/\/www.echlorial.fr\/blog\/osteosarcoma-del-cane\/"},"modified":"2019-10-26T08:49:11","modified_gmt":"2019-10-26T08:49:11","slug":"osteosarcoma-del-cane","status":"publish","type":"post","link":"https:\/\/www.echlorial.it\/blog\/osteosarcoma-del-cane\/","title":{"rendered":"Cancro osseo Osteosarcoma, esperienza"},"content":{"rendered":"\n<p><span style=\"font-size: 12pt;\">Salve, mi presento qui con umilt\u00e0 e dolore per parlare del mio cane Blue che amo con tutto il cuore.<\/span><span style=\"font-size: 12pt;\">4 mesi fa ha iniziato a zoppicare, mi sono detta, lei \u00e8 cos\u00ec dinamica e atletica e fa sempre buone azioni nel nostro giardino, deve essersi fatta male.<\/span><\/p>\n\n\n\n<p><span style=\"font-size: 12pt;\">Sono passate due settimane, non riposava molto e continuava a sollevare la zampa anteriore destra, ho iniziato a preoccuparmi, cos\u00ec sono andata di nuovo dal veterinario, che ha controllato il mio cane, dicendomi che non aveva dolore, che per lui si trattava di una lussazione, o di un urto, o anche di un gomito.<\/span><\/p>\n\n\n\n<p><span style=\"font-size: 12pt;\"> Quindi un piccolo trattamento antinfiammatorio.<\/span><\/p>\n\n\n\n<p><span style=\"font-size: 12pt;\"> Passano altre due settimane, il mio cane mette la zampa a terra sempre meno, torno dal veterinario, diagnosi, gomito, nessun dolore, mi dice che deve aver colpito un tendine, o che \u00e8 completamente consumato a causa delle sue attivit\u00e0 e della pesca ecc.<\/span><\/p>\n\n\n\n<p><span style=\"font-size: 12pt;\"> Che spesso la razza pitbull \u00e8 soggetta a questo.<\/span><\/p>\n\n\n\n<p><span style=\"font-size: 12pt;\"> E io non capisco, non mi propone niente di diverso dagli antinfiammatori.<\/span><br><span style=\"font-size: 12pt;\"> Gli chiedo se \u00e8 il caso di programmare un&#8217;operazione, lo incalzo un po&#8217;, perch\u00e9 mi ha gi\u00e0 mandato a casa, come se fosse la vita, niente di grave, mi tenga informato sul resto, vedremo, continui con gli antinfiammatori.<\/span><\/p>\n\n\n\n<p><span style=\"font-size: 12pt;\"> Passano 2 settimane, non cambia nulla, se non che noto che la spalla del mio cane \u00e8 gonfia.<\/span><br><span style=\"font-size: 12pt;\"> Cos\u00ec torno dal veterinario e gli dico: &#8220;Ohhhh, sta diventando una displasia a causa del sollevamento della gamba, smettila di giocare, voglio una soluzione&#8221;. (ah s\u00ec, non ve l&#8217;ho detto, sono nera, e questo sta accadendo in Grecia, dove vivo dal 2008, cos\u00ec che la vostra mente possa vedere meglio).<\/span><br><span style=\"font-size: 12pt;\"> Il veterinario mi dice una cosa assurda, non sono uno specialista di zampe di cane, ce n&#8217;\u00e8 solo uno nella nostra citt\u00e0&#8230; Vai a trovarlo per me.<\/span><br><span style=\"font-size: 12pt;\"> Cos\u00ec vado da questo veterinario, subito radio, ecc, annuncio dopo 2 ore sul posto, il cane non sopravviver\u00e0&#8230; ha un mese massimo di vita, Osteosarcoma avanzato, gli dico cos&#8217;\u00e8?<\/span><\/p>\n\n\n\n<p><span style=\"font-size: 12pt;\"> Cancro alle ossa.<\/span><\/p>\n\n\n\n<p><span style=\"font-size: 12pt;\"> Guardi la radiografia, la scapola non c&#8217;\u00e8 pi\u00f9, i polmoni, vedo cose strane, secondo me il cancro si \u00e8 diffuso, mi dice, come se fosse l&#8217;annuncio del mio compleanno, con una certa euforia per l&#8217;arrivo dell&#8217;estate senza dubbio?<\/span><br><span style=\"font-size: 12pt;\"> Gli chiedo: c&#8217;\u00e8 una soluzione?<\/span><\/p>\n\n\n\n<p><span style=\"font-size: 12pt;\"> Dice che possiamo mandarla in un centro ad Atene e che la opereranno.<\/span><br><span style=\"font-size: 12pt;\"> Gli dico, operazione, cos\u00ec il mio cane ha una possibilit\u00e0, lui mi risponde con la sua grandezza di specialista indifferente, si 12 mesi vedi 18.<\/span><br><span style=\"font-size: 12pt;\"> Eccomi fuori dai 2 veterinari, non mi interessa averli pagati, non mi interessa nulla, voglio che il mio cane abbia solo un gomito, o morir\u00e0..vado da un terzo veto, mi dico che sono figli di..voglio un altro parere. una donna veto abbastanza rispettabile vado da lei, mi dice no le gambe non so nulla.<\/span><br><span style=\"font-size: 12pt;\"> Vado da un altro veterinario, trovo una famiglia, padre, madre, figlio 3 veterinari.<\/span><\/p>\n\n\n\n<p><span style=\"font-size: 12pt;\"> E finalmente sento battere dei cuori, persone che si rattristano per quello che sta succedendo&#8230; finalmente persone bianche normali&#8230; ouuuuuffff non ci potevo credere.<\/span><br><span style=\"font-size: 12pt;\"> Diagnosi bioptica, tumore osteosarcoma molto avanzato, spalla gonfia, osso deformato cos\u00ec, per loro il cane non ha un mese, mi dicono dolcemente.<\/span><br><span style=\"font-size: 12pt;\"> Cos\u00ec, vedendo tutto questo, sono tornato a casa, questo \u00e8 successo 3 mesi fa.<\/span><\/p>\n\n\n\n<p><span style=\"font-size: 12pt;\"> E sono entrata in modalit\u00e0 paranoia nera.<\/span><\/p>\n\n\n\n<p><span style=\"font-size: 12pt;\"> Ho tirato fuori un prodotto che avevo comprato 5 anni fa, che salva da tutti i tumori e le malattie incurabili, l&#8217;ho preparato mescolandolo come si deve, e ho salvato il mio cane.<\/span><br><span style=\"font-size: 12pt;\"> Il mio cane corre, mangia, insegue le tartarughe nella nostra propriet\u00e0 e dorme a quattro zampe, e non \u00e8 morto, ma non sta nemmeno soffrendo. Vive su tre zampe&#8230;<\/span><br><span style=\"font-size: 12pt;\"> Ho dato al mio cane quello di cui parlava Trump, che ha fatto ridere la gente.<\/span><\/p>\n\n\n\n<p><span style=\"font-size: 12pt;\"> Ora sto potenziando le difese immunitarie del mio cane con l&#8217;Astragale e i polisaccaridi, che stanno funzionando, e con la spirulina e la corella come rinforzi vitaminici.<\/span><\/p>\n\n\n\n<p><span style=\"font-size: 12pt;\"> Sono nero e paranoico, quindi ho i miei segreti per non essere ucciso dal sistema bianco, n\u00e9 io n\u00e9 i miei cani. Spero che la mia storia possa essere utile ad altri.<\/span><\/p>\n\n\n\n<p><span style=\"font-size: 14pt;\"><a class=\"btn btn-default\">Anonimo<\/a><\/span><\/p>\n","protected":false},"excerpt":{"rendered":"<p>Salve, mi presento qui con umilt\u00e0 e dolore per parlare del mio cane Blue che amo con tutto il cuore.4 mesi fa ha iniziato a zoppicare, mi sono detta, lei \u00e8 cos\u00ec dinamica e atletica e fa sempre buone azioni nel nostro giardino, deve essersi fatta male. Sono passate due settimane, non riposava molto e [&hellip;]<\/p>\n","protected":false},"author":1,"featured_media":0,"comment_status":"open","ping_status":"open","sticky":false,"template":"","format":"standard","meta":[],"categories":[507,504],"tags":[],"acf":[],"yoast_head":"<!-- This site is optimized with the Yoast SEO plugin v19.7.1 - https:\/\/yoast.com\/wordpress\/plugins\/seo\/ -->\n<title>Cancro osseo Osteosarcoma, esperienza<\/title>\n<meta name=\"robots\" content=\"index, follow, max-snippet:-1, max-image-preview:large, max-video-preview:-1\" \/>\n<link rel=\"canonical\" href=\"https:\/\/www.echlorial.it\/blog\/osteosarcoma-del-cane\/\" \/>\n<meta property=\"og:locale\" content=\"it_IT\" \/>\n<meta property=\"og:type\" content=\"article\" \/>\n<meta property=\"og:title\" content=\"Cancro osseo Osteosarcoma, esperienza\" \/>\n<meta property=\"og:description\" content=\"Salve, mi presento qui con umilt\u00e0 e dolore per parlare del mio cane Blue che amo con tutto il cuore.4 mesi fa ha iniziato a zoppicare, mi sono detta, lei \u00e8 cos\u00ec dinamica e atletica e fa sempre buone azioni nel nostro giardino, deve essersi fatta male. Sono passate due settimane, non riposava molto e [&hellip;]\" \/>\n<meta property=\"og:url\" content=\"https:\/\/www.echlorial.it\/blog\/osteosarcoma-del-cane\/\" \/>\n<meta property=\"og:site_name\" content=\"eChlorial\" \/>\n<meta property=\"article:published_time\" content=\"2019-10-26T08:49:11+00:00\" \/>\n<meta name=\"author\" content=\"admin_echlorial\" \/>\n<meta name=\"twitter:label1\" content=\"Scritto da\" \/>\n\t<meta name=\"twitter:data1\" content=\"admin_echlorial\" \/>\n\t<meta name=\"twitter:label2\" content=\"Tempo di lettura stimato\" \/>\n\t<meta name=\"twitter:data2\" content=\"3 minuti\" \/>\n<script type=\"application\/ld+json\" class=\"yoast-schema-graph\">{\"@context\":\"https:\/\/schema.org\",\"@graph\":[{\"@type\":\"WebPage\",\"@id\":\"https:\/\/www.echlorial.it\/blog\/osteosarcoma-del-cane\/\",\"url\":\"https:\/\/www.echlorial.it\/blog\/osteosarcoma-del-cane\/\",\"name\":\"Cancro osseo Osteosarcoma, esperienza\",\"isPartOf\":{\"@id\":\"https:\/\/www.echlorial.fr\/blog\/#website\"},\"datePublished\":\"2019-10-26T08:49:11+00:00\",\"dateModified\":\"2019-10-26T08:49:11+00:00\",\"author\":{\"@id\":\"https:\/\/www.echlorial.fr\/blog\/#\/schema\/person\/0e76c63d04141dd4ae797ce19887e7a6\"},\"breadcrumb\":{\"@id\":\"https:\/\/www.echlorial.it\/blog\/osteosarcoma-del-cane\/#breadcrumb\"},\"inLanguage\":\"it-IT\",\"potentialAction\":[{\"@type\":\"ReadAction\",\"target\":[\"https:\/\/www.echlorial.it\/blog\/osteosarcoma-del-cane\/\"]}]},{\"@type\":\"BreadcrumbList\",\"@id\":\"https:\/\/www.echlorial.it\/blog\/osteosarcoma-del-cane\/#breadcrumb\",\"itemListElement\":[{\"@type\":\"ListItem\",\"position\":1,\"name\":\"Casa\",\"item\":\"https:\/\/www.echlorial.it\/\"},{\"@type\":\"ListItem\",\"position\":2,\"name\":\"Testimonianze\",\"item\":\"https:\/\/www.echlorial.it\/blog\/category\/temoignages-en\/\"},{\"@type\":\"ListItem\",\"position\":3,\"name\":\"Animali\",\"item\":\"https:\/\/www.echlorial.it\/blog\/category\/temoignages-en\/animali\/\"},{\"@type\":\"ListItem\",\"position\":4,\"name\":\"Cancro osseo Osteosarcoma, esperienza\"}]},{\"@type\":\"WebSite\",\"@id\":\"https:\/\/www.echlorial.fr\/blog\/#website\",\"url\":\"https:\/\/www.echlorial.fr\/blog\/\",\"name\":\"eChlorial\",\"description\":\"Chlorella extra pure cultiv\u00e9e sous tube de verre en Allemagne\",\"potentialAction\":[{\"@type\":\"SearchAction\",\"target\":{\"@type\":\"EntryPoint\",\"urlTemplate\":\"https:\/\/www.echlorial.fr\/blog\/?s={search_term_string}\"},\"query-input\":\"required name=search_term_string\"}],\"inLanguage\":\"it-IT\"},{\"@type\":\"Person\",\"@id\":\"https:\/\/www.echlorial.fr\/blog\/#\/schema\/person\/0e76c63d04141dd4ae797ce19887e7a6\",\"name\":\"admin_echlorial\",\"sameAs\":[\"http:\/\/www.echlorial.fr\"],\"url\":\"https:\/\/www.echlorial.it\/blog\/author\/admin_echlorial\/\"}]}<\/script>\n<!-- \/ Yoast SEO plugin. -->","yoast_head_json":{"title":"Cancro osseo Osteosarcoma, esperienza","robots":{"index":"index","follow":"follow","max-snippet":"max-snippet:-1","max-image-preview":"max-image-preview:large","max-video-preview":"max-video-preview:-1"},"canonical":"https:\/\/www.echlorial.it\/blog\/osteosarcoma-del-cane\/","og_locale":"it_IT","og_type":"article","og_title":"Cancro osseo Osteosarcoma, esperienza","og_description":"Salve, mi presento qui con umilt\u00e0 e dolore per parlare del mio cane Blue che amo con tutto il cuore.4 mesi fa ha iniziato a zoppicare, mi sono detta, lei \u00e8 cos\u00ec dinamica e atletica e fa sempre buone azioni nel nostro giardino, deve essersi fatta male. Sono passate due settimane, non riposava molto e [&hellip;]","og_url":"https:\/\/www.echlorial.it\/blog\/osteosarcoma-del-cane\/","og_site_name":"eChlorial","article_published_time":"2019-10-26T08:49:11+00:00","author":"admin_echlorial","twitter_misc":{"Scritto da":"admin_echlorial","Tempo di lettura stimato":"3 minuti"},"schema":{"@context":"https:\/\/schema.org","@graph":[{"@type":"WebPage","@id":"https:\/\/www.echlorial.it\/blog\/osteosarcoma-del-cane\/","url":"https:\/\/www.echlorial.it\/blog\/osteosarcoma-del-cane\/","name":"Cancro osseo Osteosarcoma, esperienza","isPartOf":{"@id":"https:\/\/www.echlorial.fr\/blog\/#website"},"datePublished":"2019-10-26T08:49:11+00:00","dateModified":"2019-10-26T08:49:11+00:00","author":{"@id":"https:\/\/www.echlorial.fr\/blog\/#\/schema\/person\/0e76c63d04141dd4ae797ce19887e7a6"},"breadcrumb":{"@id":"https:\/\/www.echlorial.it\/blog\/osteosarcoma-del-cane\/#breadcrumb"},"inLanguage":"it-IT","potentialAction":[{"@type":"ReadAction","target":["https:\/\/www.echlorial.it\/blog\/osteosarcoma-del-cane\/"]}]},{"@type":"BreadcrumbList","@id":"https:\/\/www.echlorial.it\/blog\/osteosarcoma-del-cane\/#breadcrumb","itemListElement":[{"@type":"ListItem","position":1,"name":"Casa","item":"https:\/\/www.echlorial.it\/"},{"@type":"ListItem","position":2,"name":"Testimonianze","item":"https:\/\/www.echlorial.it\/blog\/category\/temoignages-en\/"},{"@type":"ListItem","position":3,"name":"Animali","item":"https:\/\/www.echlorial.it\/blog\/category\/temoignages-en\/animali\/"},{"@type":"ListItem","position":4,"name":"Cancro osseo Osteosarcoma, esperienza"}]},{"@type":"WebSite","@id":"https:\/\/www.echlorial.fr\/blog\/#website","url":"https:\/\/www.echlorial.fr\/blog\/","name":"eChlorial","description":"Chlorella extra pure cultiv\u00e9e sous tube de verre en Allemagne","potentialAction":[{"@type":"SearchAction","target":{"@type":"EntryPoint","urlTemplate":"https:\/\/www.echlorial.fr\/blog\/?s={search_term_string}"},"query-input":"required name=search_term_string"}],"inLanguage":"it-IT"},{"@type":"Person","@id":"https:\/\/www.echlorial.fr\/blog\/#\/schema\/person\/0e76c63d04141dd4ae797ce19887e7a6","name":"admin_echlorial","sameAs":["http:\/\/www.echlorial.fr"],"url":"https:\/\/www.echlorial.it\/blog\/author\/admin_echlorial\/"}]}},"_links":{"self":[{"href":"https:\/\/www.echlorial.it\/blog\/wp-json\/wp\/v2\/posts\/10607"}],"collection":[{"href":"https:\/\/www.echlorial.it\/blog\/wp-json\/wp\/v2\/posts"}],"about":[{"href":"https:\/\/www.echlorial.it\/blog\/wp-json\/wp\/v2\/types\/post"}],"author":[{"embeddable":true,"href":"https:\/\/www.echlorial.it\/blog\/wp-json\/wp\/v2\/users\/1"}],"replies":[{"embeddable":true,"href":"https:\/\/www.echlorial.it\/blog\/wp-json\/wp\/v2\/comments?post=10607"}],"version-history":[{"count":0,"href":"https:\/\/www.echlorial.it\/blog\/wp-json\/wp\/v2\/posts\/10607\/revisions"}],"wp:attachment":[{"href":"https:\/\/www.echlorial.it\/blog\/wp-json\/wp\/v2\/media?parent=10607"}],"wp:term":[{"taxonomy":"category","embeddable":true,"href":"https:\/\/www.echlorial.it\/blog\/wp-json\/wp\/v2\/categories?post=10607"},{"taxonomy":"post_tag","embeddable":true,"href":"https:\/\/www.echlorial.it\/blog\/wp-json\/wp\/v2\/tags?post=10607"}],"curies":[{"name":"wp","href":"https:\/\/api.w.org\/{rel}","templated":true}]}}