{"id":10588,"date":"2019-08-14T09:28:55","date_gmt":"2019-08-14T09:28:55","guid":{"rendered":"https:\/\/www.echlorial.fr\/blog\/tasso-di-cancro-cane\/"},"modified":"2025-04-16T17:03:13","modified_gmt":"2025-04-16T17:03:13","slug":"tasso-di-cancro-cane","status":"publish","type":"post","link":"https:\/\/www.echlorial.it\/blog\/tasso-di-cancro-cane\/","title":{"rendered":"Ines, cane da montagna bernese"},"content":{"rendered":"<p><span style=\"font-size: 12pt;\">Un mese fa ho saputo che il mio cane di montagna bernese, Ines, aveva un tumore alla milza&#8230; L&#8217;operazione \u00e8 andata molto bene. Ho preso della clorella dopo l&#8217;operazione e i risultati sono stati sensazionali&#8230; Il tono dell&#8217;appetito che la felicit\u00e0 di vedere il suo cane vivere di nuovo!<\/span><\/p>\n<p><span style=\"font-size: 12pt;\">Il nostro cane, un cane da montagna bernese di 30 kg e 6 anni, \u00e8 stato operato per un tumore alla milza poco pi\u00f9 di un mese fa. I risultati della biopsia hanno infine mostrato che il tumore era maligno. <\/span><span style=\"font-size: 12pt;\">Abbiamo iniziato a prendere la clorella non appena \u00e8 tornata a casa (2,5 g, poi 5 g al giorno, poi circa 7 g per dieci giorni). Oggi continuiamo con 2,5 g al giorno.<\/span><\/p>\n<p><span style=\"font-size: 12pt;\">In meno di due settimane ha messo su 2 kg, nonostante abbia perso molto peso. Si muove di nuovo e si diverte come prima. Abbiamo fatto tornare il nostro cane com&#8217;era prima. Non vogliamo sottoporla ai trattamenti anti-cancro suggeriti dal veterinario, perch\u00e9 sappiamo che sarebbero molto duri per lei. Saranno solo dolorosi per lei, ma non c&#8217;\u00e8 alcuna garanzia che possa guarire completamente. Preferiremmo che il resto della sua vita, anche se dovesse essere pi\u00f9 breve, fosse il pi\u00f9 dolce possibile. Siamo convinti che la clorella continuer\u00e0 ad aiutarla come ha gi\u00e0 fatto.<\/span><\/p>\n<p><span style=\"font-size: 12pt;\">Siamo davvero molto felici di aver scoperto la clorella, che non conoscevamo. Le dobbiamo molto! &#8230; abbiamo anche iniziato a mangiarla noi stessi.<\/span><br \/>\n<span style=\"font-size: 12pt;\">Perch\u00e9 i veterinari non ne parlano! Perch\u00e9 non \u00e8 pi\u00f9 conosciuta? \u00c8 una fortuna incredibile che durante le nostre ricerche ci siamo imbattuti nel sito di Echlorial. Le testimonianze sui risultati ottenuti sui cani con tumore alla milza ci hanno colpito molto. Ci hanno aiutato molto e, soprattutto, ci hanno dato una nuova speranza. Ecco perch\u00e9 oggi vi scrivo.<\/span><\/p>\n<p><span style=\"font-size: 12pt;\">Se qualcuno desidera avere mie notizie, non esiti a contattarmi.<\/span><\/p>\n<p><span style=\"font-size: 14pt;\"><a class=\"btn btn-default\">Laura<\/a><\/span><\/p>\n<p>*****<\/p>\n<p><span style=\"font-size: 12pt;\">Aggiornato: 15\/04\/2020<\/span><\/p>\n<p><span style=\"font-size: 12pt;\">Salve,<\/span><br \/>\n<span style=\"font-size: 12pt;\">Volevo darvi qualche notizia su Ines, che sta molto bene e che \u00e8 stata operata di tumore alla milza quasi 1 anno fa. Con la clorella, i suoi capelli sono magnifici.<\/span><\/p>\n<p><span style=\"font-size: 12pt;\">\u00c8 in una forma incredibile, piena di energia e di appetito.<\/span><br \/>\n<span style=\"font-size: 12pt;\">Senza la clorella il mio piccolo tesoro non sarebbe stato in grado di farcela, \u00e8 un prodotto magico, super!<\/span><br \/>\n<span style=\"font-size: 12pt;\">Se avete domande, non esitate a chiamarmi per avere la mia testimonianza.<\/span><\/p>\n<p><span style=\"font-size: 14pt;\"><a class=\"btn btn-default\">Laura<\/a><\/span><\/p>\n<div class=\"button primary green\">\n<p><a href=\"\/blog\/category\/temoignages\/animaux\/\">\u27a4 Leggi tutte le testimonianze<\/a><\/p>\n<\/div>\n","protected":false},"excerpt":{"rendered":"<p>Un mese fa ho saputo che il mio cane di montagna bernese, Ines, aveva un tumore alla milza&#8230; L&#8217;operazione \u00e8 andata molto bene. Ho preso della clorella dopo l&#8217;operazione e i risultati sono stati sensazionali&#8230; Il tono dell&#8217;appetito che la felicit\u00e0 di vedere il suo cane vivere di nuovo! Il nostro cane, un cane da [&hellip;]<\/p>\n","protected":false},"author":1,"featured_media":0,"comment_status":"open","ping_status":"open","sticky":false,"template":"","format":"standard","meta":[],"categories":[507,535,504],"tags":[],"acf":[],"yoast_head":"<!-- This site is optimized with the Yoast SEO plugin v19.7.1 - https:\/\/yoast.com\/wordpress\/plugins\/seo\/ -->\n<title>Ines, cane da montagna bernese<\/title>\n<meta name=\"description\" content=\"Un mese fa ho scoperto che il mio cane aveva un tumore alla milza... L&#039;operazione \u00e8 andata molto bene. Ho preso della clorella dopo l&#039;operazione.\" \/>\n<meta name=\"robots\" content=\"index, follow, max-snippet:-1, max-image-preview:large, max-video-preview:-1\" \/>\n<link rel=\"canonical\" href=\"https:\/\/www.echlorial.it\/blog\/tasso-di-cancro-cane\/\" \/>\n<meta property=\"og:locale\" content=\"it_IT\" \/>\n<meta property=\"og:type\" content=\"article\" \/>\n<meta property=\"og:title\" content=\"Ines, cane da montagna bernese\" \/>\n<meta property=\"og:description\" content=\"Un mese fa ho scoperto che il mio cane aveva un tumore alla milza... L&#039;operazione \u00e8 andata molto bene. Ho preso della clorella dopo l&#039;operazione.\" \/>\n<meta property=\"og:url\" content=\"https:\/\/www.echlorial.it\/blog\/tasso-di-cancro-cane\/\" \/>\n<meta property=\"og:site_name\" content=\"eChlorial\" \/>\n<meta property=\"article:published_time\" content=\"2019-08-14T09:28:55+00:00\" \/>\n<meta property=\"article:modified_time\" content=\"2025-04-16T17:03:13+00:00\" \/>\n<meta name=\"author\" content=\"admin_echlorial\" \/>\n<meta name=\"twitter:label1\" content=\"Scritto da\" \/>\n\t<meta name=\"twitter:data1\" content=\"admin_echlorial\" \/>\n\t<meta name=\"twitter:label2\" content=\"Tempo di lettura stimato\" \/>\n\t<meta name=\"twitter:data2\" content=\"2 minuti\" \/>\n<script type=\"application\/ld+json\" class=\"yoast-schema-graph\">{\"@context\":\"https:\/\/schema.org\",\"@graph\":[{\"@type\":\"WebPage\",\"@id\":\"https:\/\/www.echlorial.it\/blog\/tasso-di-cancro-cane\/\",\"url\":\"https:\/\/www.echlorial.it\/blog\/tasso-di-cancro-cane\/\",\"name\":\"Ines, cane da montagna bernese\",\"isPartOf\":{\"@id\":\"https:\/\/www.echlorial.fr\/blog\/#website\"},\"datePublished\":\"2019-08-14T09:28:55+00:00\",\"dateModified\":\"2025-04-16T17:03:13+00:00\",\"author\":{\"@id\":\"https:\/\/www.echlorial.fr\/blog\/#\/schema\/person\/0e76c63d04141dd4ae797ce19887e7a6\"},\"description\":\"Un mese fa ho scoperto che il mio cane aveva un tumore alla milza... L'operazione \u00e8 andata molto bene. Ho preso della clorella dopo l'operazione.\",\"breadcrumb\":{\"@id\":\"https:\/\/www.echlorial.it\/blog\/tasso-di-cancro-cane\/#breadcrumb\"},\"inLanguage\":\"it-IT\",\"potentialAction\":[{\"@type\":\"ReadAction\",\"target\":[\"https:\/\/www.echlorial.it\/blog\/tasso-di-cancro-cane\/\"]}]},{\"@type\":\"BreadcrumbList\",\"@id\":\"https:\/\/www.echlorial.it\/blog\/tasso-di-cancro-cane\/#breadcrumb\",\"itemListElement\":[{\"@type\":\"ListItem\",\"position\":1,\"name\":\"Casa\",\"item\":\"https:\/\/www.echlorial.it\/\"},{\"@type\":\"ListItem\",\"position\":2,\"name\":\"Testimonianze\",\"item\":\"https:\/\/www.echlorial.it\/blog\/category\/temoignages-en\/\"},{\"@type\":\"ListItem\",\"position\":3,\"name\":\"Animali\",\"item\":\"https:\/\/www.echlorial.it\/blog\/category\/temoignages-en\/animali\/\"},{\"@type\":\"ListItem\",\"position\":4,\"name\":\"Cancro della milza (cane)\",\"item\":\"https:\/\/www.echlorial.it\/blog\/category\/temoignages-en\/animali\/cancro-ratto-cane\/\"},{\"@type\":\"ListItem\",\"position\":5,\"name\":\"Ines, cane da montagna bernese\"}]},{\"@type\":\"WebSite\",\"@id\":\"https:\/\/www.echlorial.fr\/blog\/#website\",\"url\":\"https:\/\/www.echlorial.fr\/blog\/\",\"name\":\"eChlorial\",\"description\":\"Chlorella extra pure cultiv\u00e9e sous tube de verre en Allemagne\",\"potentialAction\":[{\"@type\":\"SearchAction\",\"target\":{\"@type\":\"EntryPoint\",\"urlTemplate\":\"https:\/\/www.echlorial.fr\/blog\/?s={search_term_string}\"},\"query-input\":\"required name=search_term_string\"}],\"inLanguage\":\"it-IT\"},{\"@type\":\"Person\",\"@id\":\"https:\/\/www.echlorial.fr\/blog\/#\/schema\/person\/0e76c63d04141dd4ae797ce19887e7a6\",\"name\":\"admin_echlorial\",\"sameAs\":[\"http:\/\/www.echlorial.fr\"],\"url\":\"https:\/\/www.echlorial.it\/blog\/author\/admin_echlorial\/\"}]}<\/script>\n<!-- \/ Yoast SEO plugin. -->","yoast_head_json":{"title":"Ines, cane da montagna bernese","description":"Un mese fa ho scoperto che il mio cane aveva un tumore alla milza... L'operazione \u00e8 andata molto bene. Ho preso della clorella dopo l'operazione.","robots":{"index":"index","follow":"follow","max-snippet":"max-snippet:-1","max-image-preview":"max-image-preview:large","max-video-preview":"max-video-preview:-1"},"canonical":"https:\/\/www.echlorial.it\/blog\/tasso-di-cancro-cane\/","og_locale":"it_IT","og_type":"article","og_title":"Ines, cane da montagna bernese","og_description":"Un mese fa ho scoperto che il mio cane aveva un tumore alla milza... L'operazione \u00e8 andata molto bene. Ho preso della clorella dopo l'operazione.","og_url":"https:\/\/www.echlorial.it\/blog\/tasso-di-cancro-cane\/","og_site_name":"eChlorial","article_published_time":"2019-08-14T09:28:55+00:00","article_modified_time":"2025-04-16T17:03:13+00:00","author":"admin_echlorial","twitter_misc":{"Scritto da":"admin_echlorial","Tempo di lettura stimato":"2 minuti"},"schema":{"@context":"https:\/\/schema.org","@graph":[{"@type":"WebPage","@id":"https:\/\/www.echlorial.it\/blog\/tasso-di-cancro-cane\/","url":"https:\/\/www.echlorial.it\/blog\/tasso-di-cancro-cane\/","name":"Ines, cane da montagna bernese","isPartOf":{"@id":"https:\/\/www.echlorial.fr\/blog\/#website"},"datePublished":"2019-08-14T09:28:55+00:00","dateModified":"2025-04-16T17:03:13+00:00","author":{"@id":"https:\/\/www.echlorial.fr\/blog\/#\/schema\/person\/0e76c63d04141dd4ae797ce19887e7a6"},"description":"Un mese fa ho scoperto che il mio cane aveva un tumore alla milza... L'operazione \u00e8 andata molto bene. Ho preso della clorella dopo l'operazione.","breadcrumb":{"@id":"https:\/\/www.echlorial.it\/blog\/tasso-di-cancro-cane\/#breadcrumb"},"inLanguage":"it-IT","potentialAction":[{"@type":"ReadAction","target":["https:\/\/www.echlorial.it\/blog\/tasso-di-cancro-cane\/"]}]},{"@type":"BreadcrumbList","@id":"https:\/\/www.echlorial.it\/blog\/tasso-di-cancro-cane\/#breadcrumb","itemListElement":[{"@type":"ListItem","position":1,"name":"Casa","item":"https:\/\/www.echlorial.it\/"},{"@type":"ListItem","position":2,"name":"Testimonianze","item":"https:\/\/www.echlorial.it\/blog\/category\/temoignages-en\/"},{"@type":"ListItem","position":3,"name":"Animali","item":"https:\/\/www.echlorial.it\/blog\/category\/temoignages-en\/animali\/"},{"@type":"ListItem","position":4,"name":"Cancro della milza (cane)","item":"https:\/\/www.echlorial.it\/blog\/category\/temoignages-en\/animali\/cancro-ratto-cane\/"},{"@type":"ListItem","position":5,"name":"Ines, cane da montagna bernese"}]},{"@type":"WebSite","@id":"https:\/\/www.echlorial.fr\/blog\/#website","url":"https:\/\/www.echlorial.fr\/blog\/","name":"eChlorial","description":"Chlorella extra pure cultiv\u00e9e sous tube de verre en Allemagne","potentialAction":[{"@type":"SearchAction","target":{"@type":"EntryPoint","urlTemplate":"https:\/\/www.echlorial.fr\/blog\/?s={search_term_string}"},"query-input":"required name=search_term_string"}],"inLanguage":"it-IT"},{"@type":"Person","@id":"https:\/\/www.echlorial.fr\/blog\/#\/schema\/person\/0e76c63d04141dd4ae797ce19887e7a6","name":"admin_echlorial","sameAs":["http:\/\/www.echlorial.fr"],"url":"https:\/\/www.echlorial.it\/blog\/author\/admin_echlorial\/"}]}},"_links":{"self":[{"href":"https:\/\/www.echlorial.it\/blog\/wp-json\/wp\/v2\/posts\/10588"}],"collection":[{"href":"https:\/\/www.echlorial.it\/blog\/wp-json\/wp\/v2\/posts"}],"about":[{"href":"https:\/\/www.echlorial.it\/blog\/wp-json\/wp\/v2\/types\/post"}],"author":[{"embeddable":true,"href":"https:\/\/www.echlorial.it\/blog\/wp-json\/wp\/v2\/users\/1"}],"replies":[{"embeddable":true,"href":"https:\/\/www.echlorial.it\/blog\/wp-json\/wp\/v2\/comments?post=10588"}],"version-history":[{"count":1,"href":"https:\/\/www.echlorial.it\/blog\/wp-json\/wp\/v2\/posts\/10588\/revisions"}],"predecessor-version":[{"id":10796,"href":"https:\/\/www.echlorial.it\/blog\/wp-json\/wp\/v2\/posts\/10588\/revisions\/10796"}],"wp:attachment":[{"href":"https:\/\/www.echlorial.it\/blog\/wp-json\/wp\/v2\/media?parent=10588"}],"wp:term":[{"taxonomy":"category","embeddable":true,"href":"https:\/\/www.echlorial.it\/blog\/wp-json\/wp\/v2\/categories?post=10588"},{"taxonomy":"post_tag","embeddable":true,"href":"https:\/\/www.echlorial.it\/blog\/wp-json\/wp\/v2\/tags?post=10588"}],"curies":[{"name":"wp","href":"https:\/\/api.w.org\/{rel}","templated":true}]}}