{"id":10518,"date":"2016-07-27T09:34:05","date_gmt":"2016-07-27T09:34:05","guid":{"rendered":"https:\/\/www.echlorial.fr\/blog\/orillard-termo-dietista\/"},"modified":"2025-04-16T17:02:35","modified_gmt":"2025-04-16T17:02:35","slug":"orillard-termo-dietista","status":"publish","type":"post","link":"https:\/\/www.echlorial.it\/blog\/orillard-termo-dietista\/","title":{"rendered":"Intervista a Fanny Orillard, dietologa della spa"},"content":{"rendered":"\n<div class=\"wp-block-image\"><figure class=\"alignright\"><a href=\"#\"><img loading=\"lazy\" width=\"453\" height=\"303\" src=\"\/\/www.echlorial.fr\/blog\/wp-content\/uploads\/2016\/07\/CentreThermale.jpg\" alt=\"Centre Thermale\" class=\"wp-image-1560\" srcset=\"https:\/\/www.echlorial.it\/blog\/wp-content\/uploads\/2016\/07\/CentreThermale.jpg 453w, https:\/\/www.echlorial.it\/blog\/wp-content\/uploads\/2016\/07\/CentreThermale-300x201.jpg 300w\" sizes=\"(max-width: 453px) 100vw, 453px\" \/><\/a><figcaption>Centro Termale &#8211; Wikimedia Commons<\/figcaption><\/figure><\/div>\n\n\n\n<h2>Come e perch\u00e9 \u00e8 diventata dietista? Qual \u00e8 il suo background?<\/h2>\n\n\n\n<p><span style=\"font-size: 12pt;\">Mi sono interessata alla dietetica quando ero adolescente, perch\u00e9 il legame con il benessere era evidente per me. Poi, a poco a poco, facendo sempre pi\u00f9 ricerche sui benefici del cibo, la passione si \u00e8 radicata in me!<\/span><\/p>\n\n\n\n<p><span style=\"font-size: 12pt;\">Mi sono laureata in dietologia e non mi piaceva molto il tirocinio in ospedale a causa dell&#8217;aspetto &#8220;malattia&#8221;; ero pi\u00f9 interessata all&#8217;aspetto &#8220;benessere&#8221;. Cos\u00ec ho aperto il mio studio privato due anni e mezzo fa, ma essendo in una piccola citt\u00e0 non si \u00e8 sviluppato molto.<\/span><\/p>\n\n\n\n<p><span style=\"font-size: 12pt;\">L&#8217;estate scorsa ho ricevuto un annuncio di lavoro come dietista in un centro benessere. \u00c8 un approccio che non avevo preso in considerazione, ma che mi ha subito attratto. <\/span><br><span style=\"font-size: 12pt;\">Le persone che prendono le acque si sentono meglio, ma non sono cos\u00ec malate da dover essere ricoverate. Tuttavia, quando soffrono di <a href=\"https:\/\/www.echlorial.it\/blog\/category\/temoignages-en\/dolore-e-artrite\/\">dolori articolari<\/a> o di attacchi cardiaci, come quelli trattati in questo centro termale, sono spesso disposti a modificare la loro dieta per stare meglio. Di conseguenza, i frequentatori delle terme sono spesso molto aperti e accolgono le informazioni! <\/span><\/p>\n\n\n\n<p><span style=\"font-size: 12pt;\">Cos\u00ec ora posso finalmente vivere della mia passione, do anche lezioni di cucina, cosa che avevo sempre sognato di fare, e ci sono molti scambi arricchenti!<\/span><\/p>\n\n\n\n<h2>Lei utilizza e consiglia la clorella eChlorial: come ha scoperto questa microalga e i suoi benefici? Come l&#8217;ha scelta?<\/h2>\n\n\n\n<p><span style=\"font-size: 12pt;\">Ho scoperto la <a href=\"https:\/\/www.echlorial.it\/14-clorella-bio\">clorella biologica<\/a> grazie a un magnetizzatore consigliatomi dal mio osteopata. Sono sempre alla ricerca di modi per migliorare il mio benessere e mi piacciono molto le persone che lavorano con il mio stesso spirito, quindi la qualit\u00e0 di questa <a href=\"https:\/\/www.echlorial.it\/blog\/consigli-per-luso-della-clorella\/\">clorella <\/a>mi ha subito interessato. <\/span><\/p>\n\n\n\n<p><span style=\"font-size: 12pt;\">Come tutti, sono soggetta a molto stress, quindi mi ha consigliato di provarla e mi ha detto che avrei sentito comunque molti effetti positivi! <\/span><\/p>\n\n\n\n<h2>In quale contesto lo consiglierebbe?<\/h2>\n\n\n\n<p><span style=\"font-size: 12pt;\">Lo consiglierei a chiunque abbia avuto un periodo di stress, abbia accumulato molte situazioni negative e il cui stato di salute generale sia peggiorato<a href=\"https:\/\/www.echlorial.it\/blog\/category\/temoignages-en\/pelle-eczema-psoriasi\/\">(pelle<\/a>, <a href=\"https:\/\/www.echlorial.it\/blog\/category\/temoignages-en\/stitichezza\/\">transito<\/a>, umore, <a href=\"https:\/\/www.echlorial.it\/blog\/category\/temoignages-en\/fatica\/\">stanchezza<\/a>, ecc.). Una buona alimentazione \u00e8 gi\u00e0 di aiuto, ma la clorella \u00e8 un vero toccasana!<\/span><\/p>\n\n\n\n<div class=\"wp-block-image\"><figure class=\"alignleft\"><a href=\"#\"><img loading=\"lazy\" width=\"450\" height=\"301\" src=\"\/\/www.echlorial.fr\/blog\/wp-content\/uploads\/2016\/07\/Fanny-Orillard-3.jpg\" alt=\"Fanny Orillard\" class=\"wp-image-1553\" srcset=\"https:\/\/www.echlorial.it\/blog\/wp-content\/uploads\/2016\/07\/Fanny-Orillard-3.jpg 450w, https:\/\/www.echlorial.it\/blog\/wp-content\/uploads\/2016\/07\/Fanny-Orillard-3-300x201.jpg 300w\" sizes=\"(max-width: 450px) 100vw, 450px\" \/><\/a><figcaption>Fanny Orillard, dietista termale<\/figcaption><\/figure><\/div>\n\n\n\n<p><strong><span style=\"font-size: 12pt;\">Qual \u00e8 la sua esperienza con la clorella? Ha qualche esperienza con la <a href=\"https:\/\/www.echlorial.it\/16-spirulina-bio\">Spirulina biologica<\/a>?<\/span><\/strong><\/p>\n\n\n\n<p><span style=\"font-size: 12pt;\">Ho iniziato a prendere la clorella solo 3 mesi fa e ne ho sentito subito i benefici, e ancora di pi\u00f9 oggi! <\/span><br><span style=\"font-size: 12pt;\">Ci si sente meglio al momento, ma anche nel tempo tutto migliora: transito, pelle e soprattutto l&#8217;umore, che per me \u00e8 la cosa pi\u00f9 notevole! Anche l&#8217;apporto di <a href=\"https:\/\/www.echlorial.fr\/blog\/la-chlorella-est-naturellement-riche-en-b12\/\">vitamine B12<\/a> e <a href=\"https:\/\/www.echlorial.it\/blog\/omega3-vegetariano-biologico\/\">omega 3<\/a> \u00e8 molto importante per me.<\/span><\/p>\n\n\n\n<p><span style=\"font-size: 12pt;\">Vado a correre e il mio recupero muscolare \u00e8 molto pi\u00f9 rapido, non ho pi\u00f9 affaticamento muscolare o dolori. <\/span><br><span style=\"font-size: 12pt;\">Il mio benessere generale \u00e8 migliorato ulteriormente, la mia mente \u00e8 pi\u00f9 chiara che mai, sono felice di essere viva, non sono pi\u00f9 cronicamente stanca e sono sempre di buon umore! Continuer\u00f2 a prenderla ogni giorno, questo \u00e8 certo.<\/span><\/p>\n\n\n\n<p><span style=\"font-size: 12pt;\">Non ho ancora provato la <a href=\"https:\/\/www.echlorial.it\/blog\/spirulina-bio-benefici-posologia\/\">spirulina<\/a> perch\u00e9 pensavo che la clorella fosse gi\u00e0 abbastanza efficace, ma se si vogliono davvero fare progressi nello sport, penso che sia una spinta in pi\u00f9, quindi la prover\u00f2!<\/span><\/p>\n\n\n\n<h2>Qual \u00e8 il suo approccio alla dietetica?<\/h2>\n\n\n\n<p><span style=\"font-size: 12pt;\">Il mio approccio alla dietologia \u00e8 davvero quello di riscoprire il benessere personale. Non parlo mai di diete, restrizioni, calorie e nemmeno di peso! L&#8217;importante \u00e8 trovare il giusto equilibrio per ogni individuo. Prima di tutto \u00e8 importante sapere quali sono le proprie abitudini alimentari, poi si pu\u00f2 vedere di riequilibrare la propria dieta, ma sta a ciascuno vedere cosa \u00e8 disposto a fare per stare meglio, anche in base ai vincoli della vita quotidiana. Per questo ritengo che una combinazione di osteopatia, riflessologia plantare, sofrologia, magnetismo, attivit\u00e0 fisica, ecc. sia essenziale se si vuole ritrovare il proprio benessere se si \u00e8 ingrassati o si \u00e8 avuto un disturbo alimentare a causa dello stress o del superlavoro, cosa che accade molto spesso.<\/span><\/p>\n\n\n\n<p><span style=\"font-size: 12pt;\">L&#8217;importante \u00e8 ritrovare la saziet\u00e0, sapersi prendere il tempo necessario per mangiare e divertirsi senza eccessi.<\/span><\/p>\n\n\n\n<div class=\"wp-block-image\"><figure class=\"alignright\"><a href=\"http:\/\/www.echlorial.fr\/fr\/15-boutique-echlorial\"><img loading=\"lazy\" width=\"400\" height=\"265\" src=\"\/\/www.echlorial.fr\/blog\/wp-content\/uploads\/2016\/03\/Chlorella_Spiruline_echlorial.jpg\" alt=\"Chlorella et Spiruline Echlorial\" class=\"wp-image-1281\" srcset=\"https:\/\/www.echlorial.it\/blog\/wp-content\/uploads\/2016\/03\/Chlorella_Spiruline_echlorial.jpg 400w, https:\/\/www.echlorial.it\/blog\/wp-content\/uploads\/2016\/03\/Chlorella_Spiruline_echlorial-300x199.jpg 300w\" sizes=\"(max-width: 400px) 100vw, 400px\" \/><\/a><figcaption>Clorella e Spirulina<\/figcaption><\/figure><\/div>\n\n\n\n<h2>Quali altri prodotti naturali consiglia, con quale frequenza e in quali casi?<\/h2>\n\n\n\n<p><span style=\"font-size: 12pt;\">Consiglio vivamente la lettura del libro &#8220;La m\u00e9thode France Guillain&#8221;, che ho scoperto quasi un anno fa, e i risultati in termini di benessere sono anche molto rapidi! <\/span><br><span style=\"font-size: 12pt;\">Anche tutti ne trarranno beneficio, in caso di gonfiore, mestruazioni difficili, transito, regolazione del peso, saziet\u00e0, pelle, emicranie, ecc&#8230; Potete trovare informazioni anche su Yokool.<\/span><\/p>\n\n\n\n<p><span style=\"font-size: 12pt;\">Per quanto mi riguarda, questo libro e la clorella sono le due cose pi\u00f9 importanti per ritrovare la forma fisica che non si vuole abbandonare!<\/span><\/p>\n\n\n\n<h2>Se dovesse riassumere i principali consigli sull&#8217;alimentazione e sul benessere, cosa direbbe ai nostri lettori?<\/h2>\n\n\n\n<p><span style=\"font-size: 12pt;\">La dieta del dottor Seignalet \u00e8 consigliatissima, perch\u00e9 i benefici in termini di digestione, articolazioni e salute generale (nel mio caso, emicrania) sono ineguagliabili! I latticini e il glutine non sono pi\u00f9 tollerati senza conseguenze&#8230; Provate a eliminarli e vedrete come vi sentirete di nuovo bene! <\/span><\/p>\n\n\n\n<h2>Qual \u00e8 la sua citazione preferita?<\/h2>\n\n\n\n<p><span style=\"font-size: 12pt;\">&#8220;Dove c&#8217;\u00e8 una volont\u00e0, c&#8217;\u00e8 un modo!<\/span><span style=\"font-size: 12pt;\">Devi darti i mezzi per raggiungere il benessere che sogni, non \u00e8 sempre facile, devi trovare i consigli giusti ma soprattutto non dirti che \u00e8 troppo complicato&#8230; datti i mezzi per raggiungerlo, abbi la forza di volont\u00e0 perch\u00e9 senza quella nessuno potr\u00e0 farlo per te. Ecco perch\u00e9 la clorella pu\u00f2 essere un aiuto concreto per risollevarsi il morale e adottare uno stile di vita pi\u00f9 sano. Non ve ne pentirete!<\/span><\/p>\n","protected":false},"excerpt":{"rendered":"<p>Come e perch\u00e9 \u00e8 diventata dietista? Qual \u00e8 il suo background? Mi sono interessata alla dietetica quando ero adolescente, perch\u00e9 il legame con il benessere era evidente per me. Poi, a poco a poco, facendo sempre pi\u00f9 ricerche sui benefici del cibo, la passione si \u00e8 radicata in me! Mi sono laureata in dietologia e [&hellip;]<\/p>\n","protected":false},"author":2,"featured_media":0,"comment_status":"open","ping_status":"open","sticky":false,"template":"","format":"standard","meta":[],"categories":[525],"tags":[],"acf":[],"yoast_head":"<!-- This site is optimized with the Yoast SEO plugin v19.7.1 - https:\/\/yoast.com\/wordpress\/plugins\/seo\/ -->\n<title>Intervista a Fanny Orillard, dietologa della spa<\/title>\n<meta name=\"description\" content=\"Come ricercatore di benessere, apprezzo le persone che lavorano con il mio stesso spirito, quindi la qualit\u00e0 di questa clorella mi \u00e8 piaciuta subito.\" \/>\n<meta name=\"robots\" content=\"index, follow, max-snippet:-1, max-image-preview:large, max-video-preview:-1\" \/>\n<link rel=\"canonical\" href=\"https:\/\/www.echlorial.it\/blog\/orillard-termo-dietista\/\" \/>\n<meta property=\"og:locale\" content=\"it_IT\" \/>\n<meta property=\"og:type\" content=\"article\" \/>\n<meta property=\"og:title\" content=\"Intervista a Fanny Orillard, dietologa della spa\" \/>\n<meta property=\"og:description\" content=\"Come ricercatore di benessere, apprezzo le persone che lavorano con il mio stesso spirito, quindi la qualit\u00e0 di questa clorella mi \u00e8 piaciuta subito.\" \/>\n<meta property=\"og:url\" content=\"https:\/\/www.echlorial.it\/blog\/orillard-termo-dietista\/\" \/>\n<meta property=\"og:site_name\" content=\"eChlorial\" \/>\n<meta property=\"article:published_time\" content=\"2016-07-27T09:34:05+00:00\" \/>\n<meta property=\"article:modified_time\" content=\"2025-04-16T17:02:35+00:00\" \/>\n<meta name=\"author\" content=\"Muriel Cathaud, Docteur es Sciences\" \/>\n<meta name=\"twitter:label1\" content=\"Scritto da\" \/>\n\t<meta name=\"twitter:data1\" content=\"Muriel Cathaud, Docteur es Sciences\" \/>\n\t<meta name=\"twitter:label2\" content=\"Tempo di lettura stimato\" \/>\n\t<meta name=\"twitter:data2\" content=\"4 minuti\" \/>\n<script type=\"application\/ld+json\" class=\"yoast-schema-graph\">{\"@context\":\"https:\/\/schema.org\",\"@graph\":[{\"@type\":\"WebPage\",\"@id\":\"https:\/\/www.echlorial.it\/blog\/orillard-termo-dietista\/\",\"url\":\"https:\/\/www.echlorial.it\/blog\/orillard-termo-dietista\/\",\"name\":\"Intervista a Fanny Orillard, dietologa della spa\",\"isPartOf\":{\"@id\":\"https:\/\/www.echlorial.com\/blog\/#website\"},\"datePublished\":\"2016-07-27T09:34:05+00:00\",\"dateModified\":\"2025-04-16T17:02:35+00:00\",\"author\":{\"@id\":\"https:\/\/www.echlorial.com\/blog\/#\/schema\/person\/e45d017630e2d6e097a1c8df479598f6\"},\"description\":\"Come ricercatore di benessere, apprezzo le persone che lavorano con il mio stesso spirito, quindi la qualit\u00e0 di questa clorella mi \u00e8 piaciuta subito.\",\"breadcrumb\":{\"@id\":\"https:\/\/www.echlorial.it\/blog\/orillard-termo-dietista\/#breadcrumb\"},\"inLanguage\":\"it-IT\",\"potentialAction\":[{\"@type\":\"ReadAction\",\"target\":[\"https:\/\/www.echlorial.it\/blog\/orillard-termo-dietista\/\"]}]},{\"@type\":\"BreadcrumbList\",\"@id\":\"https:\/\/www.echlorial.it\/blog\/orillard-termo-dietista\/#breadcrumb\",\"itemListElement\":[{\"@type\":\"ListItem\",\"position\":1,\"name\":\"Casa\",\"item\":\"https:\/\/www.echlorial.it\/\"},{\"@type\":\"ListItem\",\"position\":2,\"name\":\"Interviste\",\"item\":\"https:\/\/www.echlorial.es\/blog\/category\/entrevistas\/\"},{\"@type\":\"ListItem\",\"position\":3,\"name\":\"Intervista a Fanny Orillard, dietologa della spa\"}]},{\"@type\":\"WebSite\",\"@id\":\"https:\/\/www.echlorial.com\/blog\/#website\",\"url\":\"https:\/\/www.echlorial.com\/blog\/\",\"name\":\"eChlorial\",\"description\":\"Chlorella extra pure cultiv\u00e9e sous tube de verre en Allemagne\",\"potentialAction\":[{\"@type\":\"SearchAction\",\"target\":{\"@type\":\"EntryPoint\",\"urlTemplate\":\"https:\/\/www.echlorial.com\/blog\/?s={search_term_string}\"},\"query-input\":\"required name=search_term_string\"}],\"inLanguage\":\"it-IT\"},{\"@type\":\"Person\",\"@id\":\"https:\/\/www.echlorial.com\/blog\/#\/schema\/person\/e45d017630e2d6e097a1c8df479598f6\",\"name\":\"Muriel Cathaud, Docteur es Sciences\",\"description\":\"Muriel Cathaud, Docteur es Sciences en Physique-Chimie\",\"sameAs\":[\"http:\/\/www.echlorial.fr\"],\"url\":\"https:\/\/www.echlorial.it\/blog\/author\/directionechlorial-com\/\"}]}<\/script>\n<!-- \/ Yoast SEO plugin. -->","yoast_head_json":{"title":"Intervista a Fanny Orillard, dietologa della spa","description":"Come ricercatore di benessere, apprezzo le persone che lavorano con il mio stesso spirito, quindi la qualit\u00e0 di questa clorella mi \u00e8 piaciuta subito.","robots":{"index":"index","follow":"follow","max-snippet":"max-snippet:-1","max-image-preview":"max-image-preview:large","max-video-preview":"max-video-preview:-1"},"canonical":"https:\/\/www.echlorial.it\/blog\/orillard-termo-dietista\/","og_locale":"it_IT","og_type":"article","og_title":"Intervista a Fanny Orillard, dietologa della spa","og_description":"Come ricercatore di benessere, apprezzo le persone che lavorano con il mio stesso spirito, quindi la qualit\u00e0 di questa clorella mi \u00e8 piaciuta subito.","og_url":"https:\/\/www.echlorial.it\/blog\/orillard-termo-dietista\/","og_site_name":"eChlorial","article_published_time":"2016-07-27T09:34:05+00:00","article_modified_time":"2025-04-16T17:02:35+00:00","author":"Muriel Cathaud, Docteur es Sciences","twitter_misc":{"Scritto da":"Muriel Cathaud, Docteur es Sciences","Tempo di lettura stimato":"4 minuti"},"schema":{"@context":"https:\/\/schema.org","@graph":[{"@type":"WebPage","@id":"https:\/\/www.echlorial.it\/blog\/orillard-termo-dietista\/","url":"https:\/\/www.echlorial.it\/blog\/orillard-termo-dietista\/","name":"Intervista a Fanny Orillard, dietologa della spa","isPartOf":{"@id":"https:\/\/www.echlorial.com\/blog\/#website"},"datePublished":"2016-07-27T09:34:05+00:00","dateModified":"2025-04-16T17:02:35+00:00","author":{"@id":"https:\/\/www.echlorial.com\/blog\/#\/schema\/person\/e45d017630e2d6e097a1c8df479598f6"},"description":"Come ricercatore di benessere, apprezzo le persone che lavorano con il mio stesso spirito, quindi la qualit\u00e0 di questa clorella mi \u00e8 piaciuta subito.","breadcrumb":{"@id":"https:\/\/www.echlorial.it\/blog\/orillard-termo-dietista\/#breadcrumb"},"inLanguage":"it-IT","potentialAction":[{"@type":"ReadAction","target":["https:\/\/www.echlorial.it\/blog\/orillard-termo-dietista\/"]}]},{"@type":"BreadcrumbList","@id":"https:\/\/www.echlorial.it\/blog\/orillard-termo-dietista\/#breadcrumb","itemListElement":[{"@type":"ListItem","position":1,"name":"Casa","item":"https:\/\/www.echlorial.it\/"},{"@type":"ListItem","position":2,"name":"Interviste","item":"https:\/\/www.echlorial.es\/blog\/category\/entrevistas\/"},{"@type":"ListItem","position":3,"name":"Intervista a Fanny Orillard, dietologa della spa"}]},{"@type":"WebSite","@id":"https:\/\/www.echlorial.com\/blog\/#website","url":"https:\/\/www.echlorial.com\/blog\/","name":"eChlorial","description":"Chlorella extra pure cultiv\u00e9e sous tube de verre en Allemagne","potentialAction":[{"@type":"SearchAction","target":{"@type":"EntryPoint","urlTemplate":"https:\/\/www.echlorial.com\/blog\/?s={search_term_string}"},"query-input":"required name=search_term_string"}],"inLanguage":"it-IT"},{"@type":"Person","@id":"https:\/\/www.echlorial.com\/blog\/#\/schema\/person\/e45d017630e2d6e097a1c8df479598f6","name":"Muriel Cathaud, Docteur es Sciences","description":"Muriel Cathaud, Docteur es Sciences en Physique-Chimie","sameAs":["http:\/\/www.echlorial.fr"],"url":"https:\/\/www.echlorial.it\/blog\/author\/directionechlorial-com\/"}]}},"_links":{"self":[{"href":"https:\/\/www.echlorial.it\/blog\/wp-json\/wp\/v2\/posts\/10518"}],"collection":[{"href":"https:\/\/www.echlorial.it\/blog\/wp-json\/wp\/v2\/posts"}],"about":[{"href":"https:\/\/www.echlorial.it\/blog\/wp-json\/wp\/v2\/types\/post"}],"author":[{"embeddable":true,"href":"https:\/\/www.echlorial.it\/blog\/wp-json\/wp\/v2\/users\/2"}],"replies":[{"embeddable":true,"href":"https:\/\/www.echlorial.it\/blog\/wp-json\/wp\/v2\/comments?post=10518"}],"version-history":[{"count":1,"href":"https:\/\/www.echlorial.it\/blog\/wp-json\/wp\/v2\/posts\/10518\/revisions"}],"predecessor-version":[{"id":10751,"href":"https:\/\/www.echlorial.it\/blog\/wp-json\/wp\/v2\/posts\/10518\/revisions\/10751"}],"wp:attachment":[{"href":"https:\/\/www.echlorial.it\/blog\/wp-json\/wp\/v2\/media?parent=10518"}],"wp:term":[{"taxonomy":"category","embeddable":true,"href":"https:\/\/www.echlorial.it\/blog\/wp-json\/wp\/v2\/categories?post=10518"},{"taxonomy":"post_tag","embeddable":true,"href":"https:\/\/www.echlorial.it\/blog\/wp-json\/wp\/v2\/tags?post=10518"}],"curies":[{"name":"wp","href":"https:\/\/api.w.org\/{rel}","templated":true}]}}