{"id":10463,"date":"2015-03-25T19:50:23","date_gmt":"2015-03-25T19:50:23","guid":{"rendered":"https:\/\/www.echlorial.fr\/blog\/adatto-al-mio-corpo\/"},"modified":"2015-03-25T19:50:23","modified_gmt":"2015-03-25T19:50:23","slug":"adatto-al-mio-corpo","status":"publish","type":"post","link":"https:\/\/www.echlorial.it\/blog\/adatto-al-mio-corpo\/","title":{"rendered":"Adatto al mio corpo"},"content":{"rendered":"<p>Prendo la clorella da circa un mese e mezzo e sento chiaramente la mia forza tonica (vitale)!<\/p>\n<p>Prima prendevo l&#8217;astragalo che mi dava lo stesso effetto pi\u00f9 marcato (forse troppo), ma la clorella mi d\u00e0 un effetto pi\u00f9 profondo, sento che \u00e8 pi\u00f9 adatta al mio corpo (pi\u00f9 sana, meno aggressiva ma comunque molto presente).<\/p>\n<p><strong>JP<\/strong><\/p>\n","protected":false},"excerpt":{"rendered":"<p>Prendo la clorella da circa un mese e mezzo e sento chiaramente la mia forza tonica (vitale)! Prima prendevo l&#8217;astragalo che mi dava lo stesso effetto pi\u00f9 marcato (forse troppo), ma la clorella mi d\u00e0 un effetto pi\u00f9 profondo, sento che \u00e8 pi\u00f9 adatta al mio corpo (pi\u00f9 sana, meno aggressiva ma comunque molto presente). [&hellip;]<\/p>\n","protected":false},"author":1,"featured_media":0,"comment_status":"open","ping_status":"open","sticky":false,"template":"","format":"standard","meta":[],"categories":[512,504],"tags":[],"acf":[],"yoast_head":"<!-- This site is optimized with the Yoast SEO plugin v19.7.1 - https:\/\/yoast.com\/wordpress\/plugins\/seo\/ -->\n<title>Adatto al mio corpo<\/title>\n<meta name=\"robots\" content=\"index, follow, max-snippet:-1, max-image-preview:large, max-video-preview:-1\" \/>\n<link rel=\"canonical\" href=\"https:\/\/www.echlorial.it\/blog\/adatto-al-mio-corpo\/\" \/>\n<meta property=\"og:locale\" content=\"it_IT\" \/>\n<meta property=\"og:type\" content=\"article\" \/>\n<meta property=\"og:title\" content=\"Adatto al mio corpo\" \/>\n<meta property=\"og:description\" content=\"Prendo la clorella da circa un mese e mezzo e sento chiaramente la mia forza tonica (vitale)! Prima prendevo l&#8217;astragalo che mi dava lo stesso effetto pi\u00f9 marcato (forse troppo), ma la clorella mi d\u00e0 un effetto pi\u00f9 profondo, sento che \u00e8 pi\u00f9 adatta al mio corpo (pi\u00f9 sana, meno aggressiva ma comunque molto presente). [&hellip;]\" \/>\n<meta property=\"og:url\" content=\"https:\/\/www.echlorial.it\/blog\/adatto-al-mio-corpo\/\" \/>\n<meta property=\"og:site_name\" content=\"eChlorial\" \/>\n<meta property=\"article:published_time\" content=\"2015-03-25T19:50:23+00:00\" \/>\n<meta name=\"author\" content=\"admin_echlorial\" \/>\n<meta name=\"twitter:label1\" content=\"Scritto da\" \/>\n\t<meta name=\"twitter:data1\" content=\"admin_echlorial\" \/>\n<script type=\"application\/ld+json\" class=\"yoast-schema-graph\">{\"@context\":\"https:\/\/schema.org\",\"@graph\":[{\"@type\":\"WebPage\",\"@id\":\"https:\/\/www.echlorial.it\/blog\/adatto-al-mio-corpo\/\",\"url\":\"https:\/\/www.echlorial.it\/blog\/adatto-al-mio-corpo\/\",\"name\":\"Adatto al mio corpo\",\"isPartOf\":{\"@id\":\"https:\/\/www.echlorial.de.com\/blog\/#website\"},\"datePublished\":\"2015-03-25T19:50:23+00:00\",\"dateModified\":\"2015-03-25T19:50:23+00:00\",\"author\":{\"@id\":\"https:\/\/www.echlorial.de.com\/blog\/#\/schema\/person\/0e76c63d04141dd4ae797ce19887e7a6\"},\"breadcrumb\":{\"@id\":\"https:\/\/www.echlorial.it\/blog\/adatto-al-mio-corpo\/#breadcrumb\"},\"inLanguage\":\"it-IT\",\"potentialAction\":[{\"@type\":\"ReadAction\",\"target\":[\"https:\/\/www.echlorial.it\/blog\/adatto-al-mio-corpo\/\"]}]},{\"@type\":\"BreadcrumbList\",\"@id\":\"https:\/\/www.echlorial.it\/blog\/adatto-al-mio-corpo\/#breadcrumb\",\"itemListElement\":[{\"@type\":\"ListItem\",\"position\":1,\"name\":\"Casa\",\"item\":\"https:\/\/www.echlorial.it\/\"},{\"@type\":\"ListItem\",\"position\":2,\"name\":\"Testimonianze\",\"item\":\"https:\/\/www.echlorial.it\/blog\/category\/temoignages-en\/\"},{\"@type\":\"ListItem\",\"position\":3,\"name\":\"Benessere\",\"item\":\"https:\/\/www.echlorial.it\/blog\/category\/temoignages-en\/benessere\/\"},{\"@type\":\"ListItem\",\"position\":4,\"name\":\"Adatto al mio corpo\"}]},{\"@type\":\"WebSite\",\"@id\":\"https:\/\/www.echlorial.de.com\/blog\/#website\",\"url\":\"https:\/\/www.echlorial.de.com\/blog\/\",\"name\":\"eChlorial\",\"description\":\"Chlorella extra pure cultiv\u00e9e sous tube de verre en Allemagne\",\"potentialAction\":[{\"@type\":\"SearchAction\",\"target\":{\"@type\":\"EntryPoint\",\"urlTemplate\":\"https:\/\/www.echlorial.de.com\/blog\/?s={search_term_string}\"},\"query-input\":\"required name=search_term_string\"}],\"inLanguage\":\"it-IT\"},{\"@type\":\"Person\",\"@id\":\"https:\/\/www.echlorial.de.com\/blog\/#\/schema\/person\/0e76c63d04141dd4ae797ce19887e7a6\",\"name\":\"admin_echlorial\",\"sameAs\":[\"http:\/\/www.echlorial.fr\"],\"url\":\"https:\/\/www.echlorial.it\/blog\/author\/admin_echlorial\/\"}]}<\/script>\n<!-- \/ Yoast SEO plugin. -->","yoast_head_json":{"title":"Adatto al mio corpo","robots":{"index":"index","follow":"follow","max-snippet":"max-snippet:-1","max-image-preview":"max-image-preview:large","max-video-preview":"max-video-preview:-1"},"canonical":"https:\/\/www.echlorial.it\/blog\/adatto-al-mio-corpo\/","og_locale":"it_IT","og_type":"article","og_title":"Adatto al mio corpo","og_description":"Prendo la clorella da circa un mese e mezzo e sento chiaramente la mia forza tonica (vitale)! Prima prendevo l&#8217;astragalo che mi dava lo stesso effetto pi\u00f9 marcato (forse troppo), ma la clorella mi d\u00e0 un effetto pi\u00f9 profondo, sento che \u00e8 pi\u00f9 adatta al mio corpo (pi\u00f9 sana, meno aggressiva ma comunque molto presente). [&hellip;]","og_url":"https:\/\/www.echlorial.it\/blog\/adatto-al-mio-corpo\/","og_site_name":"eChlorial","article_published_time":"2015-03-25T19:50:23+00:00","author":"admin_echlorial","twitter_misc":{"Scritto da":"admin_echlorial"},"schema":{"@context":"https:\/\/schema.org","@graph":[{"@type":"WebPage","@id":"https:\/\/www.echlorial.it\/blog\/adatto-al-mio-corpo\/","url":"https:\/\/www.echlorial.it\/blog\/adatto-al-mio-corpo\/","name":"Adatto al mio corpo","isPartOf":{"@id":"https:\/\/www.echlorial.de.com\/blog\/#website"},"datePublished":"2015-03-25T19:50:23+00:00","dateModified":"2015-03-25T19:50:23+00:00","author":{"@id":"https:\/\/www.echlorial.de.com\/blog\/#\/schema\/person\/0e76c63d04141dd4ae797ce19887e7a6"},"breadcrumb":{"@id":"https:\/\/www.echlorial.it\/blog\/adatto-al-mio-corpo\/#breadcrumb"},"inLanguage":"it-IT","potentialAction":[{"@type":"ReadAction","target":["https:\/\/www.echlorial.it\/blog\/adatto-al-mio-corpo\/"]}]},{"@type":"BreadcrumbList","@id":"https:\/\/www.echlorial.it\/blog\/adatto-al-mio-corpo\/#breadcrumb","itemListElement":[{"@type":"ListItem","position":1,"name":"Casa","item":"https:\/\/www.echlorial.it\/"},{"@type":"ListItem","position":2,"name":"Testimonianze","item":"https:\/\/www.echlorial.it\/blog\/category\/temoignages-en\/"},{"@type":"ListItem","position":3,"name":"Benessere","item":"https:\/\/www.echlorial.it\/blog\/category\/temoignages-en\/benessere\/"},{"@type":"ListItem","position":4,"name":"Adatto al mio corpo"}]},{"@type":"WebSite","@id":"https:\/\/www.echlorial.de.com\/blog\/#website","url":"https:\/\/www.echlorial.de.com\/blog\/","name":"eChlorial","description":"Chlorella extra pure cultiv\u00e9e sous tube de verre en Allemagne","potentialAction":[{"@type":"SearchAction","target":{"@type":"EntryPoint","urlTemplate":"https:\/\/www.echlorial.de.com\/blog\/?s={search_term_string}"},"query-input":"required name=search_term_string"}],"inLanguage":"it-IT"},{"@type":"Person","@id":"https:\/\/www.echlorial.de.com\/blog\/#\/schema\/person\/0e76c63d04141dd4ae797ce19887e7a6","name":"admin_echlorial","sameAs":["http:\/\/www.echlorial.fr"],"url":"https:\/\/www.echlorial.it\/blog\/author\/admin_echlorial\/"}]}},"_links":{"self":[{"href":"https:\/\/www.echlorial.it\/blog\/wp-json\/wp\/v2\/posts\/10463"}],"collection":[{"href":"https:\/\/www.echlorial.it\/blog\/wp-json\/wp\/v2\/posts"}],"about":[{"href":"https:\/\/www.echlorial.it\/blog\/wp-json\/wp\/v2\/types\/post"}],"author":[{"embeddable":true,"href":"https:\/\/www.echlorial.it\/blog\/wp-json\/wp\/v2\/users\/1"}],"replies":[{"embeddable":true,"href":"https:\/\/www.echlorial.it\/blog\/wp-json\/wp\/v2\/comments?post=10463"}],"version-history":[{"count":0,"href":"https:\/\/www.echlorial.it\/blog\/wp-json\/wp\/v2\/posts\/10463\/revisions"}],"wp:attachment":[{"href":"https:\/\/www.echlorial.it\/blog\/wp-json\/wp\/v2\/media?parent=10463"}],"wp:term":[{"taxonomy":"category","embeddable":true,"href":"https:\/\/www.echlorial.it\/blog\/wp-json\/wp\/v2\/categories?post=10463"},{"taxonomy":"post_tag","embeddable":true,"href":"https:\/\/www.echlorial.it\/blog\/wp-json\/wp\/v2\/tags?post=10463"}],"curies":[{"name":"wp","href":"https:\/\/api.w.org\/{rel}","templated":true}]}}