{"id":10415,"date":"2015-03-18T18:35:52","date_gmt":"2015-03-18T18:35:52","guid":{"rendered":"https:\/\/www.echlorial.fr\/blog\/la-clorella-mi-fa-un-gran-bene\/"},"modified":"2015-03-18T18:35:52","modified_gmt":"2015-03-18T18:35:52","slug":"la-clorella-mi-fa-un-gran-bene","status":"publish","type":"post","link":"https:\/\/www.echlorial.it\/blog\/la-clorella-mi-fa-un-gran-bene\/","title":{"rendered":"La clorella mi fa un gran bene"},"content":{"rendered":"<p><strong>La clorella mi fa un mondo di bene, cura tutti i miei disturbi, mi rende pi\u00f9 bello&#8230; e mi tiene su il morale&#8230;<\/strong><\/p>\n<p>Circa 2 mesi fa, in tre occasioni, al ritorno da escursioni di 16\/18 km ciascuna, le mie caviglie erano coperte di macchie rosse come se i piccoli vasi fossero scoppiati a causa dell&#8217;attrito delle scarpe grandi. Il medico diagnostic\u00f2 delle purpurine&#8230; Mi sono imbottita di clorella e <strong>tutto \u00e8 guarito molto rapidamente<\/strong>, \u00e8 scomparso e non \u00e8 pi\u00f9 tornato&#8230; Mi sentivo come una vecchia nonnina, ma no, non \u00e8 pi\u00f9 tornato.<\/p>\n<p>5 anni fa, il mio compagno \u00e8 caduto da una scala mentre era al lavoro &#8211; mettere una scala sulle scale il venerd\u00ec 13 \u00e8 un&#8217;impresa rischiosa!!!!!! Ha riportato un enorme e terribile ematoma alla gamba. Abbiamo dovuto portarlo al pronto soccorso perch\u00e9 soffriva moltissimo. Nei giorni successivi, siamo rimasti stupiti nel vedere quanto <strong>velocemente<\/strong> l&#8217;<strong>ematoma sia guarito e scomparso<\/strong>. Il mio compagno ha ingerito almeno venti compresse di clorella al giorno, e anche di pi\u00f9&#8230;<\/p>\n<p>Ha assunto molta clorella, che lo ha reso <strong>meno nervoso, pi\u00f9 calmo e meno ansioso&#8230;.<\/strong><\/p>\n<p>Ho dato i vostri dati al mio dentista, perch\u00e9 dopo avermi fatto mettere degli impianti in 2 molari, \u00e8 rimasto molto sorpreso nel <strong>vedere come il tessuto gengivale sia ricresciuto rapidamente<\/strong>&#8230; Il dottore [&#8230;] a Rouen.<\/p>\n<p><strong>Sophie<\/strong><\/p>\n","protected":false},"excerpt":{"rendered":"<p>La clorella mi fa un mondo di bene, cura tutti i miei disturbi, mi rende pi\u00f9 bello&#8230; e mi tiene su il morale&#8230; Circa 2 mesi fa, in tre occasioni, al ritorno da escursioni di 16\/18 km ciascuna, le mie caviglie erano coperte di macchie rosse come se i piccoli vasi fossero scoppiati a causa [&hellip;]<\/p>\n","protected":false},"author":1,"featured_media":0,"comment_status":"open","ping_status":"open","sticky":false,"template":"","format":"standard","meta":[],"categories":[512,514,513,504],"tags":[],"acf":[],"yoast_head":"<!-- This site is optimized with the Yoast SEO plugin v19.7.1 - https:\/\/yoast.com\/wordpress\/plugins\/seo\/ -->\n<title>La clorella mi fa un gran bene<\/title>\n<meta name=\"robots\" content=\"index, follow, max-snippet:-1, max-image-preview:large, max-video-preview:-1\" \/>\n<link rel=\"canonical\" href=\"https:\/\/www.echlorial.it\/blog\/la-clorella-mi-fa-un-gran-bene\/\" \/>\n<meta property=\"og:locale\" content=\"it_IT\" \/>\n<meta property=\"og:type\" content=\"article\" \/>\n<meta property=\"og:title\" content=\"La clorella mi fa un gran bene\" \/>\n<meta property=\"og:description\" content=\"La clorella mi fa un mondo di bene, cura tutti i miei disturbi, mi rende pi\u00f9 bello&#8230; e mi tiene su il morale&#8230; Circa 2 mesi fa, in tre occasioni, al ritorno da escursioni di 16\/18 km ciascuna, le mie caviglie erano coperte di macchie rosse come se i piccoli vasi fossero scoppiati a causa [&hellip;]\" \/>\n<meta property=\"og:url\" content=\"https:\/\/www.echlorial.it\/blog\/la-clorella-mi-fa-un-gran-bene\/\" \/>\n<meta property=\"og:site_name\" content=\"eChlorial\" \/>\n<meta property=\"article:published_time\" content=\"2015-03-18T18:35:52+00:00\" \/>\n<meta name=\"author\" content=\"admin_echlorial\" \/>\n<meta name=\"twitter:label1\" content=\"Scritto da\" \/>\n\t<meta name=\"twitter:data1\" content=\"admin_echlorial\" \/>\n\t<meta name=\"twitter:label2\" content=\"Tempo di lettura stimato\" \/>\n\t<meta name=\"twitter:data2\" content=\"1 minuto\" \/>\n<script type=\"application\/ld+json\" class=\"yoast-schema-graph\">{\"@context\":\"https:\/\/schema.org\",\"@graph\":[{\"@type\":\"WebPage\",\"@id\":\"https:\/\/www.echlorial.it\/blog\/la-clorella-mi-fa-un-gran-bene\/\",\"url\":\"https:\/\/www.echlorial.it\/blog\/la-clorella-mi-fa-un-gran-bene\/\",\"name\":\"La clorella mi fa un gran bene\",\"isPartOf\":{\"@id\":\"https:\/\/www.echlorial.fr\/blog\/#website\"},\"datePublished\":\"2015-03-18T18:35:52+00:00\",\"dateModified\":\"2015-03-18T18:35:52+00:00\",\"author\":{\"@id\":\"https:\/\/www.echlorial.fr\/blog\/#\/schema\/person\/0e76c63d04141dd4ae797ce19887e7a6\"},\"breadcrumb\":{\"@id\":\"https:\/\/www.echlorial.it\/blog\/la-clorella-mi-fa-un-gran-bene\/#breadcrumb\"},\"inLanguage\":\"it-IT\",\"potentialAction\":[{\"@type\":\"ReadAction\",\"target\":[\"https:\/\/www.echlorial.it\/blog\/la-clorella-mi-fa-un-gran-bene\/\"]}]},{\"@type\":\"BreadcrumbList\",\"@id\":\"https:\/\/www.echlorial.it\/blog\/la-clorella-mi-fa-un-gran-bene\/#breadcrumb\",\"itemListElement\":[{\"@type\":\"ListItem\",\"position\":1,\"name\":\"Casa\",\"item\":\"https:\/\/www.echlorial.it\/\"},{\"@type\":\"ListItem\",\"position\":2,\"name\":\"Testimonianze\",\"item\":\"https:\/\/www.echlorial.it\/blog\/category\/temoignages-en\/\"},{\"@type\":\"ListItem\",\"position\":3,\"name\":\"Benessere\",\"item\":\"https:\/\/www.echlorial.it\/blog\/category\/temoignages-en\/benessere\/\"},{\"@type\":\"ListItem\",\"position\":4,\"name\":\"La clorella mi fa un gran bene\"}]},{\"@type\":\"WebSite\",\"@id\":\"https:\/\/www.echlorial.fr\/blog\/#website\",\"url\":\"https:\/\/www.echlorial.fr\/blog\/\",\"name\":\"eChlorial\",\"description\":\"Chlorella extra pure cultiv\u00e9e sous tube de verre en Allemagne\",\"potentialAction\":[{\"@type\":\"SearchAction\",\"target\":{\"@type\":\"EntryPoint\",\"urlTemplate\":\"https:\/\/www.echlorial.fr\/blog\/?s={search_term_string}\"},\"query-input\":\"required name=search_term_string\"}],\"inLanguage\":\"it-IT\"},{\"@type\":\"Person\",\"@id\":\"https:\/\/www.echlorial.fr\/blog\/#\/schema\/person\/0e76c63d04141dd4ae797ce19887e7a6\",\"name\":\"admin_echlorial\",\"sameAs\":[\"http:\/\/www.echlorial.fr\"],\"url\":\"https:\/\/www.echlorial.it\/blog\/author\/admin_echlorial\/\"}]}<\/script>\n<!-- \/ Yoast SEO plugin. -->","yoast_head_json":{"title":"La clorella mi fa un gran bene","robots":{"index":"index","follow":"follow","max-snippet":"max-snippet:-1","max-image-preview":"max-image-preview:large","max-video-preview":"max-video-preview:-1"},"canonical":"https:\/\/www.echlorial.it\/blog\/la-clorella-mi-fa-un-gran-bene\/","og_locale":"it_IT","og_type":"article","og_title":"La clorella mi fa un gran bene","og_description":"La clorella mi fa un mondo di bene, cura tutti i miei disturbi, mi rende pi\u00f9 bello&#8230; e mi tiene su il morale&#8230; Circa 2 mesi fa, in tre occasioni, al ritorno da escursioni di 16\/18 km ciascuna, le mie caviglie erano coperte di macchie rosse come se i piccoli vasi fossero scoppiati a causa [&hellip;]","og_url":"https:\/\/www.echlorial.it\/blog\/la-clorella-mi-fa-un-gran-bene\/","og_site_name":"eChlorial","article_published_time":"2015-03-18T18:35:52+00:00","author":"admin_echlorial","twitter_misc":{"Scritto da":"admin_echlorial","Tempo di lettura stimato":"1 minuto"},"schema":{"@context":"https:\/\/schema.org","@graph":[{"@type":"WebPage","@id":"https:\/\/www.echlorial.it\/blog\/la-clorella-mi-fa-un-gran-bene\/","url":"https:\/\/www.echlorial.it\/blog\/la-clorella-mi-fa-un-gran-bene\/","name":"La clorella mi fa un gran bene","isPartOf":{"@id":"https:\/\/www.echlorial.fr\/blog\/#website"},"datePublished":"2015-03-18T18:35:52+00:00","dateModified":"2015-03-18T18:35:52+00:00","author":{"@id":"https:\/\/www.echlorial.fr\/blog\/#\/schema\/person\/0e76c63d04141dd4ae797ce19887e7a6"},"breadcrumb":{"@id":"https:\/\/www.echlorial.it\/blog\/la-clorella-mi-fa-un-gran-bene\/#breadcrumb"},"inLanguage":"it-IT","potentialAction":[{"@type":"ReadAction","target":["https:\/\/www.echlorial.it\/blog\/la-clorella-mi-fa-un-gran-bene\/"]}]},{"@type":"BreadcrumbList","@id":"https:\/\/www.echlorial.it\/blog\/la-clorella-mi-fa-un-gran-bene\/#breadcrumb","itemListElement":[{"@type":"ListItem","position":1,"name":"Casa","item":"https:\/\/www.echlorial.it\/"},{"@type":"ListItem","position":2,"name":"Testimonianze","item":"https:\/\/www.echlorial.it\/blog\/category\/temoignages-en\/"},{"@type":"ListItem","position":3,"name":"Benessere","item":"https:\/\/www.echlorial.it\/blog\/category\/temoignages-en\/benessere\/"},{"@type":"ListItem","position":4,"name":"La clorella mi fa un gran bene"}]},{"@type":"WebSite","@id":"https:\/\/www.echlorial.fr\/blog\/#website","url":"https:\/\/www.echlorial.fr\/blog\/","name":"eChlorial","description":"Chlorella extra pure cultiv\u00e9e sous tube de verre en Allemagne","potentialAction":[{"@type":"SearchAction","target":{"@type":"EntryPoint","urlTemplate":"https:\/\/www.echlorial.fr\/blog\/?s={search_term_string}"},"query-input":"required name=search_term_string"}],"inLanguage":"it-IT"},{"@type":"Person","@id":"https:\/\/www.echlorial.fr\/blog\/#\/schema\/person\/0e76c63d04141dd4ae797ce19887e7a6","name":"admin_echlorial","sameAs":["http:\/\/www.echlorial.fr"],"url":"https:\/\/www.echlorial.it\/blog\/author\/admin_echlorial\/"}]}},"_links":{"self":[{"href":"https:\/\/www.echlorial.it\/blog\/wp-json\/wp\/v2\/posts\/10415"}],"collection":[{"href":"https:\/\/www.echlorial.it\/blog\/wp-json\/wp\/v2\/posts"}],"about":[{"href":"https:\/\/www.echlorial.it\/blog\/wp-json\/wp\/v2\/types\/post"}],"author":[{"embeddable":true,"href":"https:\/\/www.echlorial.it\/blog\/wp-json\/wp\/v2\/users\/1"}],"replies":[{"embeddable":true,"href":"https:\/\/www.echlorial.it\/blog\/wp-json\/wp\/v2\/comments?post=10415"}],"version-history":[{"count":0,"href":"https:\/\/www.echlorial.it\/blog\/wp-json\/wp\/v2\/posts\/10415\/revisions"}],"wp:attachment":[{"href":"https:\/\/www.echlorial.it\/blog\/wp-json\/wp\/v2\/media?parent=10415"}],"wp:term":[{"taxonomy":"category","embeddable":true,"href":"https:\/\/www.echlorial.it\/blog\/wp-json\/wp\/v2\/categories?post=10415"},{"taxonomy":"post_tag","embeddable":true,"href":"https:\/\/www.echlorial.it\/blog\/wp-json\/wp\/v2\/tags?post=10415"}],"curies":[{"name":"wp","href":"https:\/\/api.w.org\/{rel}","templated":true}]}}